{"id":10790,"date":"2020-04-24T17:00:29","date_gmt":"2020-04-24T15:00:29","guid":{"rendered":"https:\/\/wncri.org\/fr\/?p=10790"},"modified":"2020-04-26T17:19:22","modified_gmt":"2020-04-26T15:19:22","slug":"des-militantes-civiles-condamnees-a-la-prison-en-iran-en-plein-coronavirus","status":"publish","type":"post","link":"https:\/\/wncri.org\/fr\/2020\/04\/24\/des-militantes-civiles-condamnees-a-la-prison-en-iran-en-plein-coronavirus\/","title":{"rendered":"Des militantes civiles condamn\u00e9es \u00e0 la prison en Iran en plein coronavirus"},"content":{"rendered":"<p>CNRI Femmes &#8211; Les militantes civiles et les d\u00e9fenseurs des droits humains en Iran continuent d\u2019\u00eatre condamn\u00e9s \u00e0 la prison par les tribunaux r\u00e9volutionnaires des mollahs qui renvoient m\u00eame en prison les prisonni\u00e8res sorties en permission malgr\u00e9 la crise du coronavirus.<\/p>\n<p>L&#8217;emprisonnement d&#8217;un plus grand nombre de militantes survient \u00e0 un moment o\u00f9 le coronavirus s&#8217;est propag\u00e9 \u00e0 toutes les prisons d&#8217;Iran, et o\u00f9 les prisonniers sont d\u00e9tenus dans des espaces confin\u00e9s sans s\u00e9curit\u00e9 ni installations m\u00e9dicales ad\u00e9quates. La situation s&#8217;aggrave chaque jour lorsqu&#8217;un certain nombre de prisonniers sont infect\u00e9s par le coronavirus.<\/p>\n<p>Le 21 avril 2020, le tribunal r\u00e9volutionnaire d&#8217;Amol a condamn\u00e9 une militante civile \u00e0 six mois de prison. <a href=\"https:\/\/wncri.org\/fr\/2020\/01\/15\/shora-fekri-arretee-a-un-hommage-aux-victimes-du-crash-aerien-en-iran\/\" target=\"_blank\" rel=\"noopener noreferrer\">Shora Fekri<\/a> est accus\u00e9e d&#8217;avoir assist\u00e9 \u00e0 la c\u00e9r\u00e9monie de comm\u00e9moration des victimes de la destruction en janvier d&#8217;un avion ukrainien par les gardiens de la r\u00e9volution.<\/p>\n<p>Par ailleurs, le mercredi 22 avril 2020, Maryam Haji-Hosseini a \u00e9t\u00e9 jug\u00e9e par le tribunal r\u00e9volutionnaire de T\u00e9h\u00e9ran. Elle a \u00e9t\u00e9 arr\u00eat\u00e9e il y a sept mois par les forces de s\u00e9curit\u00e9 et d\u00e9tenue pendant environ six mois au centre de d\u00e9tention d&#8217;un organe de s\u00e9curit\u00e9 \u00e0 T\u00e9h\u00e9ran. Maryam Haji-Hosseini, n\u00e9e en 1972, a \u00e9t\u00e9 transf\u00e9r\u00e9e dans le quartier des femmes de la prison d&#8217;Evine au d\u00e9but du mois d&#8217;avril 2020.<\/p>\n<figure id=\"attachment_10763\" aria-describedby=\"caption-attachment-10763\" style=\"width: 300px\" class=\"wp-caption aligncenter\"><img decoding=\"async\" class=\"wp-image-10763 size-full lazyload\" src=\"data:image\/gif;base64,R0lGODlhAQABAIAAAAAAAP\/\/\/yH5BAEAAAAALAAAAAABAAEAAAIBRAA7\" data-src=\"https:\/\/wncri.org\/fr\/wp-content\/uploads\/2020\/04\/images_articles2_Parvin_Mohammadi_march_-_460-min-300x196-1.jpg\" alt=\"Parvine Mohammadi\" width=\"300\" height=\"196\" \/><figcaption id=\"caption-attachment-10763\" class=\"wp-caption-text\"><noscript><img decoding=\"async\" class=\"wp-image-10763 size-full lazyload\" src=\"https:\/\/wncri.org\/fr\/wp-content\/uploads\/2020\/04\/images_articles2_Parvin_Mohammadi_march_-_460-min-300x196-1.jpg\" alt=\"Parvine Mohammadi\" width=\"300\" height=\"196\" \/><\/noscript> Parvine Mohammadi<\/figcaption><\/figure>\n<p>Par ailleurs, la militante syndicale <a href=\"https:\/\/wncri.org\/fr\/2019\/02\/02\/la-militante-syndicale-parvine-mohammadi-transferee-a-la-prison-de-katchoui-en-iran\/\" target=\"_blank\" rel=\"noopener noreferrer\">Parvine Mohammadi<\/a>, qui \u00e9tait en permission depuis le 26 f\u00e9vrier 2020, doit retourner \u00e0 la prison de Katchoui le 29 avril 2020.<\/p>\n<p>Plus de 20 organisations de d\u00e9fense des droits humains ont exprim\u00e9 leur inqui\u00e9tude quant \u00e0 la sant\u00e9 des d\u00e9tenues politiques dans les prisons iraniennes dans une lettre ouverte publi\u00e9e le 22 avril 2020, demandant leur lib\u00e9ration. La lettre disait : \u00ab\u00a0il ne s&#8217;agit pas d&#8217;un contr\u00f4le judiciaire. Cela fait partie d&#8217;une politique qui vise \u00e0 punir davantage les prisonniers politiques en les maintenant dans des conditions carc\u00e9rales dangereuses.\u00a0\u00bb<\/p>\n<figure id=\"attachment_10766\" aria-describedby=\"caption-attachment-10766\" style=\"width: 300px\" class=\"wp-caption aligncenter\"><img decoding=\"async\" class=\"wp-image-10766 size-full lazyload\" src=\"data:image\/gif;base64,R0lGODlhAQABAIAAAAAAAP\/\/\/yH5BAEAAAAALAAAAAABAAEAAAIBRAA7\" data-src=\"https:\/\/wncri.org\/fr\/wp-content\/uploads\/2020\/04\/Raheleh-Ahmadi-and-Saba-750-min-300x150-1.jpg\" alt=\"Raheleh Ahmadi\" width=\"300\" height=\"150\" \/><figcaption id=\"caption-attachment-10766\" class=\"wp-caption-text\"><noscript><img decoding=\"async\" class=\"wp-image-10766 size-full lazyload\" src=\"https:\/\/wncri.org\/fr\/wp-content\/uploads\/2020\/04\/Raheleh-Ahmadi-and-Saba-750-min-300x150-1.jpg\" alt=\"Raheleh Ahmadi\" width=\"300\" height=\"150\" \/><\/noscript> Raheleh Ahmadi , Saba Kord-Afshari<\/figcaption><\/figure>\n<p>\u00c0 cet \u00e9gard, la militante civile <a href=\"https:\/\/wncri.org\/fr\/2020\/03\/25\/pas-de-permission-de-sortie-pour-saba-kord-afshari-3-ans-de-prison-pour-parisa-saifi\/\" target=\"_blank\" rel=\"noopener noreferrer\">Raheleh Ahmadi<\/a>, m\u00e8re de la prisonni\u00e8re politique Saba Kord-Afshari, qui est d\u00e9tenue \u00e0 la prison d&#8217;Evine, serait dans un \u00e9tat critique. Elle souffre d&#8217;une maladie de la thyro\u00efde, qui affaiblit son syst\u00e8me immunitaire et l&#8217;expose \u00e0 un risque s\u00e9rieux de contamination par le coronavirus. Il y a environ deux semaines, sa t\u00eate a enfl\u00e9, et ce gonflement a augment\u00e9 chaque jour pendant une semaine, ce qui lui a ensuite entra\u00een\u00e9 une douleur dans l\u2019oreille droite.<\/p>\n<p>&nbsp;<\/p>\n","protected":false},"excerpt":{"rendered":"<p>CNRI Femmes &#8211; Les militantes civiles et les d\u00e9fenseurs des droits humains en Iran continuent d\u2019\u00eatre condamn\u00e9s \u00e0 la prison par les tribunaux r\u00e9volutionnaires des mollahs qui renvoient m\u00eame en prison les prisonni\u00e8res sorties en permission malgr\u00e9 la crise du coronavirus. L&#8217;emprisonnement d&#8217;un plus grand nombre de militantes survient \u00e0 un moment o\u00f9 le coronavirus [&hellip;]<\/p>\n","protected":false},"author":4,"featured_media":10770,"comment_status":"open","ping_status":"open","sticky":false,"template":"","format":"standard","meta":{"jnews-multi-image_gallery":[],"jnews_single_post":{"subtitle":"","format":"standard","video":"","gallery":"","source_name":"","source_url":"","via_name":"","via_url":"","override_template":"0","override":[{"template":"1","single_blog_custom":"","parallax":"1","fullscreen":"0","layout":"right-sidebar","sidebar":"default-sidebar","second_sidebar":"default-sidebar","sticky_sidebar":"1","share_position":"top","share_float_style":"share-monocrhome","show_share_counter":"1","show_view_counter":"1","show_featured":"1","show_post_meta":"1","show_post_author":"1","show_post_author_image":"1","show_post_date":"1","post_date_format":"default","post_date_format_custom":"Y\/m\/d","show_post_category":"1","show_post_reading_time":"0","post_reading_time_wpm":"300","show_zoom_button":"0","zoom_button_out_step":"2","zoom_button_in_step":"3","show_post_tag":"1","show_prev_next_post":"1","show_popup_post":"1","number_popup_post":"1","show_author_box":"0","show_post_related":"0","show_inline_post_related":"0"}],"override_image_size":"0","image_override":[{"single_post_thumbnail_size":"crop-500","single_post_gallery_size":"crop-500"}],"trending_post":"0","trending_post_position":"meta","trending_post_label":"Trending","sponsored_post":"0","sponsored_post_label":"Sponsored by","sponsored_post_name":"","sponsored_post_url":"","sponsored_post_logo_enable":"0","sponsored_post_logo":"","sponsored_post_desc":""},"jnews_primary_category":{"id":""},"jnews_social_meta":[],"jnews_override_counter":{"override_view_counter":"0","view_counter_number":"0","override_share_counter":"0","share_counter_number":"0","override_like_counter":"0","like_counter_number":"0","override_dislike_counter":"0","dislike_counter_number":"0"},"footnotes":""},"categories":[3],"tags":[374,369,370],"class_list":["post-10790","post","type-post","status-publish","format-standard","has-post-thumbnail","hentry","category-infos-des-femmes","tag-coronavirus","tag-manifestations","tag-prisonnieres"],"_links":{"self":[{"href":"https:\/\/wncri.org\/fr\/wp-json\/wp\/v2\/posts\/10790","targetHints":{"allow":["GET"]}}],"collection":[{"href":"https:\/\/wncri.org\/fr\/wp-json\/wp\/v2\/posts"}],"about":[{"href":"https:\/\/wncri.org\/fr\/wp-json\/wp\/v2\/types\/post"}],"author":[{"embeddable":true,"href":"https:\/\/wncri.org\/fr\/wp-json\/wp\/v2\/users\/4"}],"replies":[{"embeddable":true,"href":"https:\/\/wncri.org\/fr\/wp-json\/wp\/v2\/comments?post=10790"}],"version-history":[{"count":0,"href":"https:\/\/wncri.org\/fr\/wp-json\/wp\/v2\/posts\/10790\/revisions"}],"wp:featuredmedia":[{"embeddable":true,"href":"https:\/\/wncri.org\/fr\/wp-json\/wp\/v2\/media\/10770"}],"wp:attachment":[{"href":"https:\/\/wncri.org\/fr\/wp-json\/wp\/v2\/media?parent=10790"}],"wp:term":[{"taxonomy":"category","embeddable":true,"href":"https:\/\/wncri.org\/fr\/wp-json\/wp\/v2\/categories?post=10790"},{"taxonomy":"post_tag","embeddable":true,"href":"https:\/\/wncri.org\/fr\/wp-json\/wp\/v2\/tags?post=10790"}],"curies":[{"name":"wp","href":"https:\/\/api.w.org\/{rel}","templated":true}]}}