{"id":10785,"date":"2020-04-23T15:29:02","date_gmt":"2020-04-23T13:29:02","guid":{"rendered":"https:\/\/wncri.org\/fr\/?p=10785"},"modified":"2020-04-26T15:33:01","modified_gmt":"2020-04-26T13:33:01","slug":"une-journaliste-licenciee-liran-en-bas-du-classement-de-la-liberte-de-la-presse-de-rsf","status":"publish","type":"post","link":"https:\/\/wncri.org\/fr\/2020\/04\/23\/une-journaliste-licenciee-liran-en-bas-du-classement-de-la-liberte-de-la-presse-de-rsf\/","title":{"rendered":"Une journaliste licenci\u00e9e &#8211; L&#8217;Iran en bas du classement de la libert\u00e9 de la presse de RSF"},"content":{"rendered":"<p><strong>CNRI Femmes &#8211; <\/strong>Une journaliste qui travaillait pour la tr\u00e8s officielle agence ISNA en Iran a \u00e9t\u00e9 licenci\u00e9e le 21 avril 2020.<\/p>\n<p>Zeinab Rahimi, journaliste sp\u00e9cialiste de l&#8217;environnement, a \u00e9t\u00e9 licenci\u00e9e pour avoir critiqu\u00e9 le directeur des relations publiques du minist\u00e8re iranien de l&#8217;Environnement dans un message sur Twitter.<\/p>\n<p>Le licenciement de la journaliste par ISNA a \u00e9t\u00e9 annonc\u00e9 sur les m\u00e9dias sociaux le 21 avril.<\/p>\n<p>Dans une r\u00e9cente interview \u00e0 la t\u00e9l\u00e9vision officielle, Amir-Abdulreza Sepanji, directeur des relations publiques du minist\u00e8re de l&#8217;Environnement, a affirm\u00e9 que certains journalistes environnementaux avaient \u00e9t\u00e9 en contact avec des \u00e9trangers. (Site Ensafnews, 21 avril 2020).<\/p>\n<p>L&#8217;Iran a recul\u00e9 de trois places, \u00e0 la 173e, comme l&#8217;un des pires violateurs de la libert\u00e9 de la presse dans le dernier classement de Reporters sans fronti\u00e8res (RSF) pour 2020.<\/p>\n<p>Ce classement classe les pays en fonction de leur pluralisme, de l&#8217;ind\u00e9pendance des m\u00e9dias et de leur transparence. En 2019, l&#8217;Iran \u00e9tait class\u00e9 170e ; en 2020, il a perdu trois points pour se retrouver \u00e0 la 173e place. L&#8217;Iran fait partie des 17 pays marqu\u00e9s en noir sur la carte du classement de la libert\u00e9 de la presse, ce qui indique une &#8220;situation tr\u00e8s grave&#8221;.<\/p>\n<p>Dans son Index de la libert\u00e9 de la presse 2020, <a href=\"https:\/\/rsf.org\/fr\/actualites\/le-classement-au-temps-du-coronavirus\" target=\"_blank\" rel=\"noopener noreferrer\">RSF<\/a> \u00e9crit : \u00ab\u00a0Dissimulation d\u2019informations, d\u00e9sinformation, voire mensonge d&#8217;\u00c9tat (\u2026) les m\u00e9thodes habituellement utilis\u00e9es par la R\u00e9publique islamique d\u2019Iran lors des crises et des catastrophes sont de nouveau \u00e0 l\u2019\u0153uvre depuis le d\u00e9but de l\u2019\u00e9pid\u00e9mie de coronavirus.\u00a0\u00bb<\/p>\n<p>Le rapport de RSF poursuit : \u00ab\u00a0Diffuser des informations non officielles sur la crise ont valu \u00e0 de nombreux journalistes et journalistes-citoyens d\u2019\u00eatre <a href=\"https:\/\/wncri.org\/fr\/2020\/02\/04\/perquisition-du-domicile-dune-journaliste-militante-des-droits-des-femmes\/\" target=\"_blank\" rel=\"noopener noreferrer\">convoqu\u00e9s et interrog\u00e9s<\/a>, voire inculp\u00e9s, pour \u201cpropagation de rumeurs\u201d. Des tweets sur la situation sanitaire en prison a m\u00eame valu \u00e0 l\u2019un d\u2019entre-eux d\u2019\u00eatre arr\u00eat\u00e9.\u00a0\u00bb<\/p>\n<p>Dans une d\u00e9claration du 26 ao\u00fbt 2019, citant la vague d&#8217;arrestations et d&#8217;interrogatoires de femmes journalistes, RSF avait d\u00e9clar\u00e9 que l\u2019Iran, d\u00e9j\u00e0 l&#8217;un des cinq plus grands ge\u00f4liers de journalistes au monde, incarc\u00e9rait d\u00e9sormais plus de femmes en relation avec leurs activit\u00e9s journalistiques que tout autre pays dans le monde.<\/p>\n<p>&nbsp;<\/p>\n","protected":false},"excerpt":{"rendered":"<p>CNRI Femmes &#8211; Une journaliste qui travaillait pour la tr\u00e8s officielle agence ISNA en Iran a \u00e9t\u00e9 licenci\u00e9e le 21 avril 2020. Zeinab Rahimi, journaliste sp\u00e9cialiste de l&#8217;environnement, a \u00e9t\u00e9 licenci\u00e9e pour avoir critiqu\u00e9 le directeur des relations publiques du minist\u00e8re iranien de l&#8217;Environnement dans un message sur Twitter. Le licenciement de la journaliste par [&hellip;]<\/p>\n","protected":false},"author":4,"featured_media":10767,"comment_status":"open","ping_status":"open","sticky":false,"template":"","format":"standard","meta":{"jnews-multi-image_gallery":[],"jnews_single_post":{"subtitle":"","format":"standard","video":"","gallery":"","source_name":"","source_url":"","via_name":"","via_url":"","override_template":"0","override":[{"template":"1","single_blog_custom":"","parallax":"1","fullscreen":"0","layout":"right-sidebar","sidebar":"default-sidebar","second_sidebar":"default-sidebar","sticky_sidebar":"1","share_position":"top","share_float_style":"share-monocrhome","show_share_counter":"1","show_view_counter":"1","show_featured":"1","show_post_meta":"1","show_post_author":"1","show_post_author_image":"1","show_post_date":"1","post_date_format":"default","post_date_format_custom":"Y\/m\/d","show_post_category":"1","show_post_reading_time":"0","post_reading_time_wpm":"300","show_zoom_button":"0","zoom_button_out_step":"2","zoom_button_in_step":"3","show_post_tag":"1","show_prev_next_post":"1","show_popup_post":"1","number_popup_post":"1","show_author_box":"0","show_post_related":"0","show_inline_post_related":"0"}],"override_image_size":"0","image_override":[{"single_post_thumbnail_size":"crop-500","single_post_gallery_size":"crop-500"}],"trending_post":"0","trending_post_position":"meta","trending_post_label":"Trending","sponsored_post":"0","sponsored_post_label":"Sponsored by","sponsored_post_name":"","sponsored_post_url":"","sponsored_post_logo_enable":"0","sponsored_post_logo":"","sponsored_post_desc":""},"jnews_primary_category":{"id":""},"jnews_social_meta":[],"jnews_override_counter":{"override_view_counter":"0","view_counter_number":"0","override_share_counter":"0","share_counter_number":"0","override_like_counter":"0","like_counter_number":"0","override_dislike_counter":"0","dislike_counter_number":"0"},"footnotes":""},"categories":[3],"tags":[374,369],"class_list":["post-10785","post","type-post","status-publish","format-standard","has-post-thumbnail","hentry","category-infos-des-femmes","tag-coronavirus","tag-manifestations"],"_links":{"self":[{"href":"https:\/\/wncri.org\/fr\/wp-json\/wp\/v2\/posts\/10785","targetHints":{"allow":["GET"]}}],"collection":[{"href":"https:\/\/wncri.org\/fr\/wp-json\/wp\/v2\/posts"}],"about":[{"href":"https:\/\/wncri.org\/fr\/wp-json\/wp\/v2\/types\/post"}],"author":[{"embeddable":true,"href":"https:\/\/wncri.org\/fr\/wp-json\/wp\/v2\/users\/4"}],"replies":[{"embeddable":true,"href":"https:\/\/wncri.org\/fr\/wp-json\/wp\/v2\/comments?post=10785"}],"version-history":[{"count":0,"href":"https:\/\/wncri.org\/fr\/wp-json\/wp\/v2\/posts\/10785\/revisions"}],"wp:featuredmedia":[{"embeddable":true,"href":"https:\/\/wncri.org\/fr\/wp-json\/wp\/v2\/media\/10767"}],"wp:attachment":[{"href":"https:\/\/wncri.org\/fr\/wp-json\/wp\/v2\/media?parent=10785"}],"wp:term":[{"taxonomy":"category","embeddable":true,"href":"https:\/\/wncri.org\/fr\/wp-json\/wp\/v2\/categories?post=10785"},{"taxonomy":"post_tag","embeddable":true,"href":"https:\/\/wncri.org\/fr\/wp-json\/wp\/v2\/tags?post=10785"}],"curies":[{"name":"wp","href":"https:\/\/api.w.org\/{rel}","templated":true}]}}