{"id":10724,"date":"2020-04-22T11:29:58","date_gmt":"2020-04-22T09:29:58","guid":{"rendered":"https:\/\/wncri.org\/fr\/?p=10724"},"modified":"2020-04-23T11:32:39","modified_gmt":"2020-04-23T09:32:39","slug":"recours-a-la-peine-de-mort-liran-en-deuxieme-position-amnesty-2020","status":"publish","type":"post","link":"https:\/\/wncri.org\/fr\/2020\/04\/22\/recours-a-la-peine-de-mort-liran-en-deuxieme-position-amnesty-2020\/","title":{"rendered":"Recours \u00e0 la peine de mort : l\u2019Iran en deuxi\u00e8me position \u2013 Amnesty 2020"},"content":{"rendered":"<p>CNRI Femmes &#8211; Amnesty International a publi\u00e9 son rapport annuel sur le recours \u00e0 la peine de mort dans le monde, classant l&#8217;Iran comme \u00ab\u00a0deuxi\u00e8me principal pays ex\u00e9cuteur au monde\u00a0\u00bb en 2019.<\/p>\n<p>Publi\u00e9 le 21 avril 2020, <a href=\"https:\/\/www.amnesty.org\/download\/Documents\/ACT5018472020FRENCH.PDF\" target=\"_blank\" rel=\"noopener noreferrer\">l&#8217;examen mondial de la peine de mort<\/a> r\u00e9alis\u00e9 par Amnesty International en 2019 souligne que l&#8217;Iran est responsable de 38 % des ex\u00e9cutions connues dans le monde. Au moins 657 ex\u00e9cutions ont eu lieu en 2019, dont 251 en Iran.<\/p>\n<p>L&#8217;Iran a continu\u00e9 \u00e0 cacher l&#8217;\u00e9tendue de son recours \u00e0 la peine de mort en limitant l&#8217;acc\u00e8s aux informations sur la peine de mort, a d\u00e9clar\u00e9 Amnesty International dans son communiqu\u00e9 de presse. L&#8217;Iran est le deuxi\u00e8me pays, apr\u00e8s la Chine, en ce qui concerne le recours \u00e0 la peine de mort. Il a mis \u00e0 mort au moins 251 personnes en 2019, contre au moins 253 en 2018 &#8211; dont quatre avaient moins de 18 ans au moment du crime. Cependant, le manque de transparence rend difficile la confirmation du nombre total r\u00e9el d&#8217;ex\u00e9cutions &#8211; qui pourrait \u00eatre bien plus \u00e9lev\u00e9, explique Amnesty.<\/p>\n<p>Les dossiers de la R\u00e9sistance iranienne indiquent qu&#8217;un total de 273 ex\u00e9cutions ont eu lieu en Iran en 2019, dont 16 femmes et 9 mineurs.<\/p>\n<p>Les <a href=\"https:\/\/wncri.org\/fr\/2020\/01\/20\/93-femmes-executees-en-iran-sous-rohani\/\" target=\"_blank\" rel=\"noopener noreferrer\">16 femmes ex\u00e9cut\u00e9es en 2019<\/a> repr\u00e9sentent pr\u00e8s de trois fois les six femmes ex\u00e9cut\u00e9es en 2018.<\/p>\n<p>Selon Amnesty International, au moins 13 ex\u00e9cutions publiques ont eu lieu en Iran en 2019 ; quatre personnes ont \u00e9t\u00e9 ex\u00e9cut\u00e9es pour des crimes commis alors qu&#8217;elles avaient moins de 18 ans ; les condamnations \u00e0 mort ont \u00e9t\u00e9 ex\u00e9cut\u00e9es \u00e0 l&#8217;issue de proc\u00e9dures qui n&#8217;ont pas respect\u00e9 les normes internationales d&#8217;\u00e9quit\u00e9 des proc\u00e8s, et des aveux extorqu\u00e9s sous la torture et d&#8217;autres mauvais traitements ont \u00e9t\u00e9 utilis\u00e9s pour condamner des personnes \u00e0 mort.<\/p>\n<p>L&#8217;Iran a continu\u00e9 \u00e0 appliquer la peine de mort contre des personnes \u00e2g\u00e9es de moins de 18 ans au moment des faits, en violation du droit international qui interdit strictement le recours \u00e0 la peine de mort dans de tels cas, a \u00e9crit Amnesty International dans son examen global de la peine de mort en 2019.<\/p>\n<p>Dans son rapport, Amnesty pr\u00e9cise qu\u2019en vertu du Code p\u00e9nal iranien, les gar\u00e7ons \u00e2g\u00e9s de plus de 15 ans et les filles \u00e2g\u00e9es de plus de 9 ans reconnus coupables d\u2019homicide et de certains autres crimes capitaux peuvent \u00eatre condamn\u00e9s \u00e0 mort de la m\u00eame mani\u00e8re que les adultes.<\/p>\n<p>&nbsp;<\/p>\n<p>&nbsp;<\/p>\n<p>&nbsp;<\/p>\n","protected":false},"excerpt":{"rendered":"<p>CNRI Femmes &#8211; Amnesty International a publi\u00e9 son rapport annuel sur le recours \u00e0 la peine de mort dans le monde, classant l&#8217;Iran comme \u00ab\u00a0deuxi\u00e8me principal pays ex\u00e9cuteur au monde\u00a0\u00bb en 2019. Publi\u00e9 le 21 avril 2020, l&#8217;examen mondial de la peine de mort r\u00e9alis\u00e9 par Amnesty International en 2019 souligne que l&#8217;Iran est responsable [&hellip;]<\/p>\n","protected":false},"author":4,"featured_media":10725,"comment_status":"open","ping_status":"open","sticky":false,"template":"","format":"standard","meta":{"jnews-multi-image_gallery":[],"jnews_single_post":{"subtitle":"","format":"standard","video":"","gallery":"","source_name":"","source_url":"","via_name":"","via_url":"","override_template":"0","override":[{"template":"1","single_blog_custom":"","parallax":"1","fullscreen":"0","layout":"right-sidebar","sidebar":"default-sidebar","second_sidebar":"default-sidebar","sticky_sidebar":"1","share_position":"top","share_float_style":"share-monocrhome","show_share_counter":"1","show_view_counter":"1","show_featured":"1","show_post_meta":"1","show_post_author":"1","show_post_author_image":"1","show_post_date":"1","post_date_format":"default","post_date_format_custom":"Y\/m\/d","show_post_category":"1","show_post_reading_time":"0","post_reading_time_wpm":"300","show_zoom_button":"0","zoom_button_out_step":"2","zoom_button_in_step":"3","show_post_tag":"1","show_prev_next_post":"1","show_popup_post":"1","number_popup_post":"1","show_author_box":"0","show_post_related":"0","show_inline_post_related":"0"}],"override_image_size":"0","image_override":[{"single_post_thumbnail_size":"crop-500","single_post_gallery_size":"crop-500"}],"trending_post":"0","trending_post_position":"meta","trending_post_label":"Trending","sponsored_post":"0","sponsored_post_label":"Sponsored by","sponsored_post_name":"","sponsored_post_url":"","sponsored_post_logo_enable":"0","sponsored_post_logo":"","sponsored_post_desc":""},"jnews_primary_category":{"id":""},"jnews_social_meta":[],"jnews_override_counter":{"override_view_counter":"0","view_counter_number":"0","override_share_counter":"0","share_counter_number":"0","override_like_counter":"0","like_counter_number":"0","override_dislike_counter":"0","dislike_counter_number":"0"},"footnotes":""},"categories":[3],"tags":[367],"class_list":["post-10724","post","type-post","status-publish","format-standard","has-post-thumbnail","hentry","category-infos-des-femmes","tag-execution"],"_links":{"self":[{"href":"https:\/\/wncri.org\/fr\/wp-json\/wp\/v2\/posts\/10724","targetHints":{"allow":["GET"]}}],"collection":[{"href":"https:\/\/wncri.org\/fr\/wp-json\/wp\/v2\/posts"}],"about":[{"href":"https:\/\/wncri.org\/fr\/wp-json\/wp\/v2\/types\/post"}],"author":[{"embeddable":true,"href":"https:\/\/wncri.org\/fr\/wp-json\/wp\/v2\/users\/4"}],"replies":[{"embeddable":true,"href":"https:\/\/wncri.org\/fr\/wp-json\/wp\/v2\/comments?post=10724"}],"version-history":[{"count":0,"href":"https:\/\/wncri.org\/fr\/wp-json\/wp\/v2\/posts\/10724\/revisions"}],"wp:featuredmedia":[{"embeddable":true,"href":"https:\/\/wncri.org\/fr\/wp-json\/wp\/v2\/media\/10725"}],"wp:attachment":[{"href":"https:\/\/wncri.org\/fr\/wp-json\/wp\/v2\/media?parent=10724"}],"wp:term":[{"taxonomy":"category","embeddable":true,"href":"https:\/\/wncri.org\/fr\/wp-json\/wp\/v2\/categories?post=10724"},{"taxonomy":"post_tag","embeddable":true,"href":"https:\/\/wncri.org\/fr\/wp-json\/wp\/v2\/tags?post=10724"}],"curies":[{"name":"wp","href":"https:\/\/api.w.org\/{rel}","templated":true}]}}