{"id":10169,"date":"2020-04-15T13:50:41","date_gmt":"2020-04-15T11:50:41","guid":{"rendered":"https:\/\/wncri.org\/fr\/?p=10169"},"modified":"2020-04-16T13:53:17","modified_gmt":"2020-04-16T11:53:17","slug":"la-prisonniere-epileptique-rezvaneh-ahmad-khan-beigui-privee-de-sortie-de-prison","status":"publish","type":"post","link":"https:\/\/wncri.org\/fr\/2020\/04\/15\/la-prisonniere-epileptique-rezvaneh-ahmad-khan-beigui-privee-de-sortie-de-prison\/","title":{"rendered":"La prisonni\u00e8re \u00e9pileptique Rezvaneh Ahmad Khan-Beigui priv\u00e9e de sortie de prison"},"content":{"rendered":"<p>CNRI Femmes &#8211; La prisonni\u00e8re \u00e9pileptique Rezvaneh Ahmad Khan Beigi, d\u00e9tenue dans le quartier politique de la prison d\u2019Evine \u00e0 T\u00e9h\u00e9ran s\u2019est vue refuser une permission de sortie par les responsables p\u00e9nitentiaires et judiciaires.<\/p>\n<p>Behfar Lalehzari, le mari de cette d\u00e9tenue politique, a d\u00e9clar\u00e9 que les autorit\u00e9s judiciaires n&#8217;ont pas accept\u00e9 sa demande. Il a ajout\u00e9 fournir \u00e0 sa femme un traitement contre l&#8217;\u00e9pilepsie presque chaque semaine avec beaucoup de difficult\u00e9s, qu&#8217;il remet aux fonctionnaires de la prison, mais que bien souvent, des m\u00e9dicaments se perdent avant d\u2019arriver \u00e0 la clinique de la prison.<\/p>\n<p>Concernant le refus d&#8217;accorder une autorisation de sortie de prison \u00e0 la prisonni\u00e8re \u00e9pileptique Rezvaneh Ahmad-Khan-Beigi, son mari a d\u00e9clar\u00e9 que les autorit\u00e9s mettent litt\u00e9ralement la vie des gens \u00e0 prix. Les responsables judiciaires ont annonc\u00e9 qu&#8217;aucun cong\u00e9 ne serait accord\u00e9 aux d\u00e9tenus de s\u00e9curit\u00e9 condamn\u00e9s \u00e0 des peines de prison de plus de cinq ans. Or dans le quartier des femmes de la prison d&#8217;Evine, des personnes ont \u00e9t\u00e9 contamin\u00e9es par le coronavirus et la vie des femmes prisonni\u00e8res politiques est en danger.<\/p>\n<p>Rezvaneh Ahmad-Khan-Beigi, n\u00e9e en 1990, a entam\u00e9 une <a href=\"https:\/\/wncri.org\/fr\/2020\/03\/16\/en-pleine-epidemie-de-coronavirus-greve-de-la-faim-dans-les-prisons-politiques\/\" target=\"_blank\" rel=\"noopener noreferrer\">gr\u00e8ve de la faim<\/a> le lundi 16 mars 2019 pour protester contre le refus des autorit\u00e9s p\u00e9nitentiaires de lui accorder un cong\u00e9.<\/p>\n<p>Rezvaneh a \u00e9t\u00e9 condamn\u00e9e \u00e0 <a href=\"https:\/\/wncri.org\/fr\/2020\/02\/05\/la-militante-civile-rezvaneh-ahmad-khanbeigui-condamnee-a-six-ans-de-prison\/\" target=\"_blank\" rel=\"noopener noreferrer\">six ans de prison<\/a> en f\u00e9vrier 2020, en plus de ses pr\u00e9c\u00e9dentes condamnations. Elle avait auparavant \u00e9t\u00e9 condamn\u00e9e par le tribunal r\u00e9volutionnaire de T\u00e9h\u00e9ran \u00e0 <a href=\"https:\/\/wncri.org\/fr\/2019\/03\/21\/la-militante-rezvaneh-ahmad-khan-beigui-condamnee-a-4-anas-et-5-mois-de-prison-en-iran\/\" target=\"_blank\" rel=\"noopener noreferrer\">quatre ans et cinq mois<\/a> de prison. Apr\u00e8s son arrestation le 17 novembre 2019, Rezvaneh a d&#8217;abord \u00e9t\u00e9 interrog\u00e9e dans le quartier A2 de la prison d&#8217;Evine, puis transf\u00e9r\u00e9e dans le quartier des femmes.<\/p>\n<p><a href=\"https:\/\/wncri.org\/fr\/2020\/03\/12\/nouvelle-plainte-contre-atena-daemi-pour-avoir-defendu-les-martyrs-de-novembre-en-iran\/\" target=\"_blank\" rel=\"noopener noreferrer\">Atena Daemi<\/a> est une autre prisonni\u00e8re du quartier des femmes d&#8217;Evine qui souffre d&#8217;une maladie et qui est priv\u00e9e de permission de sortie. Pendant ses ann\u00e9es de captivit\u00e9, la prisonni\u00e8re politique a souffert de plusieurs maladies, dont des engourdissements aux mains et aux pieds, et des infections internes comme des infections r\u00e9nales. Cependant, elle n&#8217;a pas obtenu de permission de sortie malgr\u00e9 la l\u2019arriv\u00e9e du <a href=\"https:\/\/wncri.org\/fr\/2020\/04\/06\/la-vie-des-prisonnieres-politiques-en-danger-dans-lepidemie-de-coronavirus\/\" target=\"_blank\" rel=\"noopener noreferrer\">coronavirus \u00e0 la prison d&#8217;Evine<\/a><\/p>\n","protected":false},"excerpt":{"rendered":"<p>CNRI Femmes &#8211; La prisonni\u00e8re \u00e9pileptique Rezvaneh Ahmad Khan Beigi, d\u00e9tenue dans le quartier politique de la prison d\u2019Evine \u00e0 T\u00e9h\u00e9ran s\u2019est vue refuser une permission de sortie par les responsables p\u00e9nitentiaires et judiciaires. Behfar Lalehzari, le mari de cette d\u00e9tenue politique, a d\u00e9clar\u00e9 que les autorit\u00e9s judiciaires n&#8217;ont pas accept\u00e9 sa demande. Il a [&hellip;]<\/p>\n","protected":false},"author":4,"featured_media":10166,"comment_status":"open","ping_status":"open","sticky":false,"template":"","format":"standard","meta":{"jnews-multi-image_gallery":[],"jnews_single_post":{"subtitle":"","format":"standard","video":"","gallery":"","source_name":"","source_url":"","via_name":"","via_url":"","override_template":"0","override":[{"template":"1","single_blog_custom":"","parallax":"1","fullscreen":"0","layout":"right-sidebar","sidebar":"default-sidebar","second_sidebar":"default-sidebar","sticky_sidebar":"1","share_position":"top","share_float_style":"share-monocrhome","show_share_counter":"1","show_view_counter":"1","show_featured":"1","show_post_meta":"1","show_post_author":"1","show_post_author_image":"1","show_post_date":"1","post_date_format":"default","post_date_format_custom":"Y\/m\/d","show_post_category":"1","show_post_reading_time":"0","post_reading_time_wpm":"300","show_zoom_button":"0","zoom_button_out_step":"2","zoom_button_in_step":"3","show_post_tag":"1","show_prev_next_post":"1","show_popup_post":"1","number_popup_post":"1","show_author_box":"0","show_post_related":"0","show_inline_post_related":"0"}],"override_image_size":"0","image_override":[{"single_post_thumbnail_size":"crop-500","single_post_gallery_size":"crop-500"}],"trending_post":"0","trending_post_position":"meta","trending_post_label":"Trending","sponsored_post":"0","sponsored_post_label":"Sponsored by","sponsored_post_name":"","sponsored_post_url":"","sponsored_post_logo_enable":"0","sponsored_post_logo":"","sponsored_post_desc":""},"jnews_primary_category":{"id":""},"jnews_social_meta":[],"jnews_override_counter":{"override_view_counter":"0","view_counter_number":"0","override_share_counter":"0","share_counter_number":"0","override_like_counter":"0","like_counter_number":"0","override_dislike_counter":"0","dislike_counter_number":"0"},"footnotes":""},"categories":[3],"tags":[374,370],"class_list":["post-10169","post","type-post","status-publish","format-standard","has-post-thumbnail","hentry","category-infos-des-femmes","tag-coronavirus","tag-prisonnieres"],"_links":{"self":[{"href":"https:\/\/wncri.org\/fr\/wp-json\/wp\/v2\/posts\/10169","targetHints":{"allow":["GET"]}}],"collection":[{"href":"https:\/\/wncri.org\/fr\/wp-json\/wp\/v2\/posts"}],"about":[{"href":"https:\/\/wncri.org\/fr\/wp-json\/wp\/v2\/types\/post"}],"author":[{"embeddable":true,"href":"https:\/\/wncri.org\/fr\/wp-json\/wp\/v2\/users\/4"}],"replies":[{"embeddable":true,"href":"https:\/\/wncri.org\/fr\/wp-json\/wp\/v2\/comments?post=10169"}],"version-history":[{"count":0,"href":"https:\/\/wncri.org\/fr\/wp-json\/wp\/v2\/posts\/10169\/revisions"}],"wp:featuredmedia":[{"embeddable":true,"href":"https:\/\/wncri.org\/fr\/wp-json\/wp\/v2\/media\/10166"}],"wp:attachment":[{"href":"https:\/\/wncri.org\/fr\/wp-json\/wp\/v2\/media?parent=10169"}],"wp:term":[{"taxonomy":"category","embeddable":true,"href":"https:\/\/wncri.org\/fr\/wp-json\/wp\/v2\/categories?post=10169"},{"taxonomy":"post_tag","embeddable":true,"href":"https:\/\/wncri.org\/fr\/wp-json\/wp\/v2\/tags?post=10169"}],"curies":[{"name":"wp","href":"https:\/\/api.w.org\/{rel}","templated":true}]}}