{"id":10073,"date":"2020-03-31T10:10:49","date_gmt":"2020-03-31T08:10:49","guid":{"rendered":"https:\/\/wncri.org\/fr\/?p=10073"},"modified":"2020-04-02T10:19:38","modified_gmt":"2020-04-02T08:19:38","slug":"une-medecin-emportee-par-une-infection-au-coronavirus-en-iran","status":"publish","type":"post","link":"https:\/\/wncri.org\/fr\/2020\/03\/31\/une-medecin-emportee-par-une-infection-au-coronavirus-en-iran\/","title":{"rendered":"Une m\u00e9decin emport\u00e9e par une infection au coronavirus en Iran"},"content":{"rendered":"<p>CNRI Femmes &#8211; Une femme m\u00e9decin est morte d&#8217;une infection au coronavirus le lundi 30 mars 2020 \u00e0 l&#8217;h\u00f4pital Moheb-Kossar de T\u00e9h\u00e9ran. La Dr Niloufar Esmail-Beigui \u00e9tait <a href=\"https:\/\/wncri.org\/fr\/2020\/03\/19\/la-medecin-shirine-rouhani-rad-succombe-au-coronavirus-en-iran\/\" target=\"_blank\" rel=\"noopener noreferrer\">m\u00e9decin g\u00e9n\u00e9raliste<\/a> et travaillait aux urgences.<\/p>\n<p>Divers responsables du r\u00e9gime ont parl\u00e9 de la <a href=\"https:\/\/wncri.org\/fr\/2020\/03\/28\/medecins-et-infirmieres-face-au-coronavirus-sans-equipement-de-protection-adequat\/\" target=\"_blank\" rel=\"noopener noreferrer\">pression \u00e9norme<\/a> exerc\u00e9e sur les m\u00e9decins, le personnel infirmier et le personnel m\u00e9dical.<\/p>\n<p>&nbsp;<\/p>\n<p>Mustafa Mo\u00efne, pr\u00e9sident du Conseil supr\u00eame du syst\u00e8me m\u00e9dical, a \u00e9crit au pr\u00e9sident des mollahs, Hassan Rohani : \u00ab\u00a0<a href=\"https:\/\/wncri.org\/fr\/2020\/03\/17\/le-coronavirus-mortel-tue-au-moins-100-membres-du-personnel-medical-iranien\/\" target=\"_blank\" rel=\"noopener noreferrer\">Les pertes d&#8217;une grande partie du corps m\u00e9dical<\/a>, et la mortalit\u00e9 plus \u00e9lev\u00e9e des patients par rapport aux autres pays, resteront \u00e0 jamais une honte.\u00a0\u00bb Mo\u00efne, qui a \u00e9t\u00e9 ministre des Sciences, de la Recherche et de la Technologie dans les gouvernements de Rafsandjani et Khatami, a ajout\u00e9 : \u00ab\u00a0On nous avertit que la fatigue et le prix physique et mental que paye le personnel soignant, vont menacer la qualit\u00e9 du traitement des malades.\u00a0\u00bb<\/p>\n<p>Il a mis en garde : \u00ab\u00a0Pr\u00e9tendre que la situation est normale et cr\u00e9er un faux sentiment de s\u00e9curit\u00e9 sous pr\u00e9texte d&#8217;\u00e9viter l&#8217;anxi\u00e9t\u00e9 et le stress pourrait \u00eatre dangereux, et les cons\u00e9quences du stress sont bien moindres que l&#8217;exposition soudaine \u00e0 une catastrophe humaine.\u00a0\u00bb<\/p>\n<p>Par ailleurs, le lundi 30 mars 2020, une femme est morte apr\u00e8s avoir donn\u00e9 naissance \u00e0 son enfant, tous deux victimes d\u2019une infection au coronavirus.<\/p>\n<p>De m\u00eame, 28 habitants de Qarchak, \u00e0 Varamine, sont morts d&#8217;une infection au coronavirus dans la seule journ\u00e9e du 28 mars.<\/p>\n<p>La R\u00e9sistance iranienne a rapport\u00e9 qu&#8217;en soir\u00e9e du 1<sup>er<\/sup> avril 2020, plus de 15.500 Iraniens avaient perdu la vie \u00e0 cause d&#8217;une infection au coronavirus dans 237 villes d&#8217;Iran.<\/p>\n<p>En attendant, les Iraniennes s&#8217;efforcent de surmonter les sentiments de d\u00e9sespoir et d&#8217;aider leurs compatriotes.<\/p>\n<p>Shima, une enseignante de l&#8217;\u00e9cole Silavi \u00e0 Susangerd, enseigne en ligne \u00e0 ses \u00e9l\u00e8ves depuis 14 jours, en deux \u00e9quipes du matin. Puis, l&#8217;apr\u00e8s-midi, elle fabrique avec 12 autres femmes des masques st\u00e9rilis\u00e9s et les distribue gratuitement aux habitants de Susangerd.<\/p>\n","protected":false},"excerpt":{"rendered":"<p>CNRI Femmes &#8211; Une femme m\u00e9decin est morte d&#8217;une infection au coronavirus le lundi 30 mars 2020 \u00e0 l&#8217;h\u00f4pital Moheb-Kossar de T\u00e9h\u00e9ran. La Dr Niloufar Esmail-Beigui \u00e9tait m\u00e9decin g\u00e9n\u00e9raliste et travaillait aux urgences. Divers responsables du r\u00e9gime ont parl\u00e9 de la pression \u00e9norme exerc\u00e9e sur les m\u00e9decins, le personnel infirmier et le personnel m\u00e9dical. &nbsp; [&hellip;]<\/p>\n","protected":false},"author":4,"featured_media":10074,"comment_status":"open","ping_status":"open","sticky":false,"template":"","format":"standard","meta":{"jnews-multi-image_gallery":[],"jnews_single_post":{"subtitle":"","format":"standard","video":"","gallery":"","source_name":"","source_url":"","via_name":"","via_url":"","override_template":"0","override":[{"template":"1","single_blog_custom":"","parallax":"1","fullscreen":"0","layout":"right-sidebar","sidebar":"default-sidebar","second_sidebar":"default-sidebar","sticky_sidebar":"1","share_position":"top","share_float_style":"share-monocrhome","show_share_counter":"1","show_view_counter":"1","show_featured":"1","show_post_meta":"1","show_post_author":"1","show_post_author_image":"1","show_post_date":"1","post_date_format":"default","post_date_format_custom":"Y\/m\/d","show_post_category":"1","show_post_reading_time":"0","post_reading_time_wpm":"300","show_zoom_button":"0","zoom_button_out_step":"2","zoom_button_in_step":"3","show_post_tag":"1","show_prev_next_post":"1","show_popup_post":"1","number_popup_post":"1","show_author_box":"0","show_post_related":"0","show_inline_post_related":"0"}],"override_image_size":"0","image_override":[{"single_post_thumbnail_size":"crop-500","single_post_gallery_size":"crop-500"}],"trending_post":"0","trending_post_position":"meta","trending_post_label":"Trending","sponsored_post":"0","sponsored_post_label":"Sponsored by","sponsored_post_name":"","sponsored_post_url":"","sponsored_post_logo_enable":"0","sponsored_post_logo":"","sponsored_post_desc":""},"jnews_primary_category":{"id":""},"jnews_social_meta":[],"jnews_override_counter":{"override_view_counter":"0","view_counter_number":"0","override_share_counter":"0","share_counter_number":"0","override_like_counter":"0","like_counter_number":"0","override_dislike_counter":"0","dislike_counter_number":"0"},"footnotes":""},"categories":[3],"tags":[374],"class_list":["post-10073","post","type-post","status-publish","format-standard","has-post-thumbnail","hentry","category-infos-des-femmes","tag-coronavirus"],"_links":{"self":[{"href":"https:\/\/wncri.org\/fr\/wp-json\/wp\/v2\/posts\/10073","targetHints":{"allow":["GET"]}}],"collection":[{"href":"https:\/\/wncri.org\/fr\/wp-json\/wp\/v2\/posts"}],"about":[{"href":"https:\/\/wncri.org\/fr\/wp-json\/wp\/v2\/types\/post"}],"author":[{"embeddable":true,"href":"https:\/\/wncri.org\/fr\/wp-json\/wp\/v2\/users\/4"}],"replies":[{"embeddable":true,"href":"https:\/\/wncri.org\/fr\/wp-json\/wp\/v2\/comments?post=10073"}],"version-history":[{"count":0,"href":"https:\/\/wncri.org\/fr\/wp-json\/wp\/v2\/posts\/10073\/revisions"}],"wp:featuredmedia":[{"embeddable":true,"href":"https:\/\/wncri.org\/fr\/wp-json\/wp\/v2\/media\/10074"}],"wp:attachment":[{"href":"https:\/\/wncri.org\/fr\/wp-json\/wp\/v2\/media?parent=10073"}],"wp:term":[{"taxonomy":"category","embeddable":true,"href":"https:\/\/wncri.org\/fr\/wp-json\/wp\/v2\/categories?post=10073"},{"taxonomy":"post_tag","embeddable":true,"href":"https:\/\/wncri.org\/fr\/wp-json\/wp\/v2\/tags?post=10073"}],"curies":[{"name":"wp","href":"https:\/\/api.w.org\/{rel}","templated":true}]}}