{"id":10062,"date":"2020-03-29T16:31:17","date_gmt":"2020-03-29T14:31:17","guid":{"rendered":"https:\/\/wncri.org\/fr\/?p=10062"},"modified":"2020-03-30T16:34:24","modified_gmt":"2020-03-30T14:34:24","slug":"200-femmes-de-la-prison-centrale-doroumieh-en-greve-de-la-faim-en-iran","status":"publish","type":"post","link":"https:\/\/wncri.org\/fr\/2020\/03\/29\/200-femmes-de-la-prison-centrale-doroumieh-en-greve-de-la-faim-en-iran\/","title":{"rendered":"200 femmes de la prison centrale d\u2019Oroumieh en gr\u00e8ve de la faim en Iran"},"content":{"rendered":"<p>CNRI Femmes &#8211; Dans un acte de protestation, quelque 200 femmes incarc\u00e9r\u00e9es \u00e0 la prison centrale d\u2019Oroumieh ont entam\u00e9 une gr\u00e8ve de la faim le 28 mars 2020 apr\u00e8s le d\u00e9c\u00e8s d&#8217;une d\u00e9tenue, Fatemeh Alizadeh, suite \u00e0 une infection au coronavirus.<\/p>\n<p>Les prisonni\u00e8res du quartier des femmes de la prison centrale d\u2019Oroumieh ont refus\u00e9 leur d\u00e9jeuner le samedi 28 mars et l&#8217;ont r\u00e9pandu sur le sol, d\u00e9clarant qu&#8217;elles feraient la gr\u00e8ve de la faim jusqu&#8217;\u00e0 ce qu&#8217;elles obtiennent une lib\u00e9ration temporaire en raison de l&#8217;\u00e9pid\u00e9mie de coronavirus.<\/p>\n<p>Fatemeh Alizadeh, 53 ans, de Kermanchah, \u00e9tait dans un \u00e9tat critique la veille de sa mort, et bien qu&#8217;elle en ait inform\u00e9 le personnel m\u00e9dical de la prison, celui-ci n&#8217;a pris aucune mesure pour lui sauver la vie.<\/p>\n<p>En raison de la propagation du coronavirus dans les prisons iraniennes, plusieurs prisonni\u00e8res sont mortes, dont deux femmes de <a href=\"https:\/\/wncri.org\/fr\/2020\/03\/26\/a-la-prison-pour-femmes-de-qarchak-deux-prisonnieres-meurent-du-coronavirus\/\" target=\"_blank\" rel=\"noopener noreferrer\">la prison de Qarchak \u00e0 Varamine<\/a>.<\/p>\n<p>&nbsp;<\/p>\n<p>Dans le quartier des femmes de la prison d&#8217;Evine, certains prisonni\u00e8res politiques, dont <a href=\"https:\/\/wncri.org\/fr\/2020\/03\/16\/en-pleine-epidemie-de-coronavirus-greve-de-la-faim-dans-les-prisons-politiques\/\" target=\"_blank\" rel=\"noopener noreferrer\">Nasrin Sotoudeh et Rezvaneh Ahmad-Khan-Beigui<\/a>, ont \u00e9galement entam\u00e9 une gr\u00e8ve de la faim pour protester contre le refus des autorit\u00e9s d&#8217;accorder une lib\u00e9ration temporaire aux prisonniers pendant la crise du coronavirus.<\/p>\n<p>Un certain nombre de gardiennes du quartier des femmes ont \u00e9t\u00e9 retir\u00e9es de la prison d&#8217;Evine parce qu&#8217;elles ont contract\u00e9 le coronavirus. Ainsi, les prisonni\u00e8res politiques de ce quartier sont plus susceptibles de contracter la maladie.<\/p>\n<p>Au cours de la premi\u00e8re semaine du Nouvel An iranien, de nombreuses familles de prisonniers politiques et leurs avocats se sont rassembl\u00e9s \u00e0 T\u00e9h\u00e9ran devant le bureau du procureur adjoint de la prison d&#8217;Evine, pour demander la lib\u00e9ration temporaire de leurs proches, mais le procureur adjoint n&#8217;a rencontr\u00e9 aucun d&#8217;entre eux, disant qu&#8217;ils seraient inform\u00e9s plus tard. La famille de la prisonni\u00e8re politique et militante des droits des femmes, <a href=\"https:\/\/wncri.org\/fr\/2020\/03\/25\/pas-de-permission-de-sortie-pour-saba-kord-afshari-3-ans-de-prison-pour-parisa-saifi\/\" target=\"_blank\" rel=\"noopener noreferrer\">Saba Kord-Afshari<\/a>, a \u00e9t\u00e9 inform\u00e9e qu&#8217;elle ne serait pas lib\u00e9r\u00e9e car sa peine est sup\u00e9rieure \u00e0 5 ans.<\/p>\n<p>La R\u00e9sistance iranienne a annonc\u00e9 qu&#8217;en date du dimanche 29 mars 2020, le bilan des d\u00e9c\u00e8s dus \u00e0 l&#8217;\u00e9pid\u00e9mie de coronavirus en Iran avait atteint 13 600 dans 232 villes du pays.<\/p>\n","protected":false},"excerpt":{"rendered":"<p>CNRI Femmes &#8211; Dans un acte de protestation, quelque 200 femmes incarc\u00e9r\u00e9es \u00e0 la prison centrale d\u2019Oroumieh ont entam\u00e9 une gr\u00e8ve de la faim le 28 mars 2020 apr\u00e8s le d\u00e9c\u00e8s d&#8217;une d\u00e9tenue, Fatemeh Alizadeh, suite \u00e0 une infection au coronavirus. Les prisonni\u00e8res du quartier des femmes de la prison centrale d\u2019Oroumieh ont refus\u00e9 leur [&hellip;]<\/p>\n","protected":false},"author":4,"featured_media":10063,"comment_status":"open","ping_status":"open","sticky":false,"template":"","format":"standard","meta":{"jnews-multi-image_gallery":[],"jnews_single_post":{"subtitle":"","format":"standard","video":"","gallery":"","source_name":"","source_url":"","via_name":"","via_url":"","override_template":"0","override":[{"template":"1","single_blog_custom":"","parallax":"1","fullscreen":"0","layout":"right-sidebar","sidebar":"default-sidebar","second_sidebar":"default-sidebar","sticky_sidebar":"1","share_position":"top","share_float_style":"share-monocrhome","show_share_counter":"1","show_view_counter":"1","show_featured":"1","show_post_meta":"1","show_post_author":"1","show_post_author_image":"1","show_post_date":"1","post_date_format":"default","post_date_format_custom":"Y\/m\/d","show_post_category":"1","show_post_reading_time":"0","post_reading_time_wpm":"300","show_zoom_button":"0","zoom_button_out_step":"2","zoom_button_in_step":"3","show_post_tag":"1","show_prev_next_post":"1","show_popup_post":"1","number_popup_post":"1","show_author_box":"0","show_post_related":"0","show_inline_post_related":"0"}],"override_image_size":"0","image_override":[{"single_post_thumbnail_size":"crop-500","single_post_gallery_size":"crop-500"}],"trending_post":"0","trending_post_position":"meta","trending_post_label":"Trending","sponsored_post":"0","sponsored_post_label":"Sponsored by","sponsored_post_name":"","sponsored_post_url":"","sponsored_post_logo_enable":"0","sponsored_post_logo":"","sponsored_post_desc":""},"jnews_primary_category":{"id":""},"jnews_social_meta":[],"jnews_override_counter":{"override_view_counter":"0","view_counter_number":"0","override_share_counter":"0","share_counter_number":"0","override_like_counter":"0","like_counter_number":"0","override_dislike_counter":"0","dislike_counter_number":"0"},"footnotes":""},"categories":[3],"tags":[374,370],"class_list":["post-10062","post","type-post","status-publish","format-standard","has-post-thumbnail","hentry","category-infos-des-femmes","tag-coronavirus","tag-prisonnieres"],"_links":{"self":[{"href":"https:\/\/wncri.org\/fr\/wp-json\/wp\/v2\/posts\/10062","targetHints":{"allow":["GET"]}}],"collection":[{"href":"https:\/\/wncri.org\/fr\/wp-json\/wp\/v2\/posts"}],"about":[{"href":"https:\/\/wncri.org\/fr\/wp-json\/wp\/v2\/types\/post"}],"author":[{"embeddable":true,"href":"https:\/\/wncri.org\/fr\/wp-json\/wp\/v2\/users\/4"}],"replies":[{"embeddable":true,"href":"https:\/\/wncri.org\/fr\/wp-json\/wp\/v2\/comments?post=10062"}],"version-history":[{"count":0,"href":"https:\/\/wncri.org\/fr\/wp-json\/wp\/v2\/posts\/10062\/revisions"}],"wp:featuredmedia":[{"embeddable":true,"href":"https:\/\/wncri.org\/fr\/wp-json\/wp\/v2\/media\/10063"}],"wp:attachment":[{"href":"https:\/\/wncri.org\/fr\/wp-json\/wp\/v2\/media?parent=10062"}],"wp:term":[{"taxonomy":"category","embeddable":true,"href":"https:\/\/wncri.org\/fr\/wp-json\/wp\/v2\/categories?post=10062"},{"taxonomy":"post_tag","embeddable":true,"href":"https:\/\/wncri.org\/fr\/wp-json\/wp\/v2\/tags?post=10062"}],"curies":[{"name":"wp","href":"https:\/\/api.w.org\/{rel}","templated":true}]}}