{"id":10038,"date":"2020-03-25T11:07:41","date_gmt":"2020-03-25T10:07:41","guid":{"rendered":"https:\/\/wncri.org\/fr\/?p=10038"},"modified":"2020-03-26T11:10:34","modified_gmt":"2020-03-26T10:10:34","slug":"pas-de-permission-de-sortie-pour-saba-kord-afshari-3-ans-de-prison-pour-parisa-saifi","status":"publish","type":"post","link":"https:\/\/wncri.org\/fr\/2020\/03\/25\/pas-de-permission-de-sortie-pour-saba-kord-afshari-3-ans-de-prison-pour-parisa-saifi\/","title":{"rendered":"Pas de permission de sortie pour Saba Kord-Afshari; 3 ans de prison pour Parisa Saifi"},"content":{"rendered":"<p>CNRI Femmes &#8211; La prisonni\u00e8re politique Saba Kord Afsahari n&#8217;aura pas droit \u00e0 une permission de sortie pendant l&#8217;\u00e9pid\u00e9mie de coronavirus en Iran et l&#8217;artiste kurde Parisa Saifi a \u00e9t\u00e9 condamn\u00e9e \u00e0 trois ans de prison.<\/p>\n<p>A la demande de la famille Kord-Afshari d\u00e9pos\u00e9e aupr\u00e8s du procureur adjoint de la prison d&#8217;Evine pour obtenir une permission de sortie de prison pour <a href=\"https:\/\/wncri.org\/fr\/2020\/03\/21\/malgre-lepidemie-de-coronavirus-des-detenues-politiques-maintenues-en-prison\/\" target=\"_blank\" rel=\"noopener noreferrer\">Saba Kord-Afshari et sa m\u00e8re<\/a>, Raheleh Ahmadi, leurs proches ont \u00e9t\u00e9 inform\u00e9s que Saba ne se verra accorder aucune permission de sortie car sa peine est sup\u00e9rieure \u00e0 cinq ans mais que sa m\u00e8re pourra l&#8217;\u00eatre.<\/p>\n<p>Mme <a href=\"https:\/\/wncri.org\/fr\/2019\/07\/11\/raheleh-ahmadi-arretee-quarante-jours-apres-sa-fille-en-iran\/\" target=\"_blank\" rel=\"noopener noreferrer\">Raheleh Ahmadi<\/a> a cependant annonc\u00e9 qu&#8217;elle ne partirait pas sans sa fille. Elle a d\u00e9clar\u00e9 : \u00ab\u00a0Tout comme j&#8217;\u00e9tais la voix de ma fille \u00e0 l&#8217;ext\u00e9rieur de la prison, je continuerai \u00e0 \u00eatre sa voix \u00e0 l&#8217;int\u00e9rieur de la prison, pour faire \u00e9cho \u00e0 son innocence et \u00e0 son oppression. \u00c0 la lumi\u00e8re de l&#8217;\u00e9pid\u00e9mie du virus Corona, je ne partirai pas sans ma fille.\u00a0\u00bb<\/p>\n<p>La raison pour laquelle la famille de Kord-Afshari a demand\u00e9 une permission de sortie pour Saba et sa m\u00e8re est que plusieurs gardiens de prison du <a href=\"https:\/\/wncri.org\/fr\/2020\/03\/16\/en-pleine-epidemie-de-coronavirus-greve-de-la-faim-dans-les-prisons-politiques\/\" target=\"_blank\" rel=\"noopener noreferrer\">quartier des femmes d&#8217;Evine<\/a> ont contract\u00e9 le virus.<\/p>\n<p>La semaine derni\u00e8re \u00e0 T\u00e9h\u00e9ran, un grand nombre de familles de prisonniers politiques et leurs avocats se sont r\u00e9unis devant le bureau de Vaziri, le procureur adjoint d&#8217;Evine, pour demander un cong\u00e9 de prison pour leurs proches. Aucun d&#8217;entre eux n&#8217;a \u00e9t\u00e9 accept\u00e9 par Vaziri. Au lieu de cela, on leur a dit que le bureau pr\u00e9parait une liste \u00e0 envoyer au bureau du procureur pour qu&#8217;il prenne une d\u00e9cision. Ils ont dit qu&#8217;ils contacteraient et informeraient toute famille dont le prisonnier allait \u00eatre lib\u00e9r\u00e9.<\/p>\n<p>Par ailleurs <a href=\"https:\/\/wncri.org\/fr\/2020\/02\/22\/parisa-seifi-en-greve-de-la-faim-en-iran-et-dans-un-etat-de-sante-critique\/\" target=\"_blank\" rel=\"noopener noreferrer\">Parisa Seifi, une artiste kurde<\/a>, a \u00e9t\u00e9 condamn\u00e9e \u00e0 trois ans de prison par le tribunal r\u00e9volutionnaire de Sanandaj, dans Kurdistan iranien.<\/p>\n<p>Mme Seifi avait \u00e9t\u00e9 lib\u00e9r\u00e9e provisoirement de prison le 23 f\u00e9vrier 2020 moyennant une lourde caution de 300 millions de tomans apr\u00e8s avoir entam\u00e9 une gr\u00e8ve de la faim.<\/p>\n<p>Parisa Seifi a \u00e9t\u00e9 arr\u00eat\u00e9e \u00e0 son domicile le 12 novembre 2019 par des agents des services de renseignement des pasdarans, et transf\u00e9r\u00e9e au centre correctionnel de Sanandaj (prison pour femmes). Elle a \u00e9t\u00e9 interrog\u00e9e pendant 100 jours pour lui extorquer de faux aveux.<\/p>\n<p>Cette militante culturelle et artistique a entam\u00e9 une gr\u00e8ve de la faim le 9 f\u00e9vrier 2020, malgr\u00e9 de mauvaises conditions physiques et mentales pour protester contre son statut ind\u00e9termin\u00e9 et les pressions exerc\u00e9es sur elle par les organes de renseignement pour lui extorquer de faux aveux.<\/p>\n<p>Mme Seifi a \u00e9t\u00e9 condamn\u00e9e \u00e0 trois ans de prison, alors que l&#8217;\u00e9pid\u00e9mie de coronavirus s&#8217;est propag\u00e9e dans toutes les prisons iraniennes et met en danger la vie de tous les prisonniers en raison du manque de ressources m\u00e9dicales dans les prisons.<\/p>\n<p>&nbsp;<\/p>\n","protected":false},"excerpt":{"rendered":"<p>CNRI Femmes &#8211; La prisonni\u00e8re politique Saba Kord Afsahari n&#8217;aura pas droit \u00e0 une permission de sortie pendant l&#8217;\u00e9pid\u00e9mie de coronavirus en Iran et l&#8217;artiste kurde Parisa Saifi a \u00e9t\u00e9 condamn\u00e9e \u00e0 trois ans de prison. A la demande de la famille Kord-Afshari d\u00e9pos\u00e9e aupr\u00e8s du procureur adjoint de la prison d&#8217;Evine pour obtenir une [&hellip;]<\/p>\n","protected":false},"author":4,"featured_media":10039,"comment_status":"open","ping_status":"open","sticky":false,"template":"","format":"standard","meta":{"jnews-multi-image_gallery":[],"jnews_single_post":{"subtitle":"","format":"standard","video":"","gallery":"","source_name":"","source_url":"","via_name":"","via_url":"","override_template":"0","override":[{"template":"1","single_blog_custom":"","parallax":"1","fullscreen":"0","layout":"right-sidebar","sidebar":"default-sidebar","second_sidebar":"default-sidebar","sticky_sidebar":"1","share_position":"top","share_float_style":"share-monocrhome","show_share_counter":"1","show_view_counter":"1","show_featured":"1","show_post_meta":"1","show_post_author":"1","show_post_author_image":"1","show_post_date":"1","post_date_format":"default","post_date_format_custom":"Y\/m\/d","show_post_category":"1","show_post_reading_time":"0","post_reading_time_wpm":"300","show_zoom_button":"0","zoom_button_out_step":"2","zoom_button_in_step":"3","show_post_tag":"1","show_prev_next_post":"1","show_popup_post":"1","number_popup_post":"1","show_author_box":"0","show_post_related":"0","show_inline_post_related":"0"}],"override_image_size":"0","image_override":[{"single_post_thumbnail_size":"crop-500","single_post_gallery_size":"crop-500"}],"trending_post":"0","trending_post_position":"meta","trending_post_label":"Trending","sponsored_post":"0","sponsored_post_label":"Sponsored by","sponsored_post_name":"","sponsored_post_url":"","sponsored_post_logo_enable":"0","sponsored_post_logo":"","sponsored_post_desc":""},"jnews_primary_category":{"id":""},"jnews_social_meta":[],"jnews_override_counter":{"override_view_counter":"0","view_counter_number":"0","override_share_counter":"0","share_counter_number":"0","override_like_counter":"0","like_counter_number":"0","override_dislike_counter":"0","dislike_counter_number":"0"},"footnotes":""},"categories":[3],"tags":[374,370],"class_list":["post-10038","post","type-post","status-publish","format-standard","has-post-thumbnail","hentry","category-infos-des-femmes","tag-coronavirus","tag-prisonnieres"],"_links":{"self":[{"href":"https:\/\/wncri.org\/fr\/wp-json\/wp\/v2\/posts\/10038","targetHints":{"allow":["GET"]}}],"collection":[{"href":"https:\/\/wncri.org\/fr\/wp-json\/wp\/v2\/posts"}],"about":[{"href":"https:\/\/wncri.org\/fr\/wp-json\/wp\/v2\/types\/post"}],"author":[{"embeddable":true,"href":"https:\/\/wncri.org\/fr\/wp-json\/wp\/v2\/users\/4"}],"replies":[{"embeddable":true,"href":"https:\/\/wncri.org\/fr\/wp-json\/wp\/v2\/comments?post=10038"}],"version-history":[{"count":0,"href":"https:\/\/wncri.org\/fr\/wp-json\/wp\/v2\/posts\/10038\/revisions"}],"wp:featuredmedia":[{"embeddable":true,"href":"https:\/\/wncri.org\/fr\/wp-json\/wp\/v2\/media\/10039"}],"wp:attachment":[{"href":"https:\/\/wncri.org\/fr\/wp-json\/wp\/v2\/media?parent=10038"}],"wp:term":[{"taxonomy":"category","embeddable":true,"href":"https:\/\/wncri.org\/fr\/wp-json\/wp\/v2\/categories?post=10038"},{"taxonomy":"post_tag","embeddable":true,"href":"https:\/\/wncri.org\/fr\/wp-json\/wp\/v2\/tags?post=10038"}],"curies":[{"name":"wp","href":"https:\/\/api.w.org\/{rel}","templated":true}]}}